{"id":4259,"date":"2023-09-13T13:46:33","date_gmt":"2023-09-13T12:46:33","guid":{"rendered":"https:\/\/www.laratrans.com\/?p=4259"},"modified":"2023-11-02T17:19:30","modified_gmt":"2023-11-02T16:19:30","slug":"guia-de-remessa-documento-essencial-no-transporte","status":"publish","type":"post","link":"https:\/\/www.laratrans.com\/pt-pt\/guia-de-remessa-documento-essencial-no-transporte\/","title":{"rendered":"Documento de transporte: \u00e9 obrigat\u00f3rio? o que cont\u00e9m? quem n\u00e3o precisa dele?"},"content":{"rendered":"\n<p>A guia de remessa \u00e9 um documento jur\u00eddico de car\u00e1cter declarativo que comprova a exist\u00eancia de um contrato de transporte.<\/p>\n\n\n\n<p>Informa sobre as condi\u00e7\u00f5es em que o acordo foi celebrado e atribui direitos sobre as mercadorias transportadas, raz\u00e3o pela qual \u00e9 obrigat\u00f3rio que seja formalizado sempre que \u00e9 celebrado um contrato de transporte. Se a carga for distribu\u00edda por v\u00e1rios ve\u00edculos, o transportador ou o expedidor podem exigir a emiss\u00e3o de uma declara\u00e7\u00e3o de expedi\u00e7\u00e3o por ve\u00edculo.<\/p>\n\n\n\n<p>Al\u00e9m disso, em alguns casos, \u00e9 exigido pela Autoridade se for necess\u00e1rio um controlo.<\/p>\n\n\n\n<p>Quem deve formalizar a declara\u00e7\u00e3o de expedi\u00e7\u00e3o?<\/p>\n\n\n\n<p>O transportador efetivo: a pessoa, singular ou colectiva, que est\u00e1 autorizada a transportar as mercadorias.<\/p>\n\n\n\n<p>O expedidor contratual: a pessoa, singular ou colectiva, que contacta o transportador efetivo, quer se trate do expedidor efetivo ou de outro transportador, de um operador log\u00edstico, de um armazenista ou de uma ag\u00eancia. Qualquer pessoa que intermedie a contrata\u00e7\u00e3o do servi\u00e7o.<\/p>\n\n\n\n<p>Quando \u00e9 que n\u00e3o \u00e9 necess\u00e1ria uma declara\u00e7\u00e3o de expedi\u00e7\u00e3o?<\/p>\n\n\n\n<p>Transportes em movimento.<\/p>\n\n\n\n<p>Transporte de ve\u00edculos danificados ou acidentados.<\/p>\n\n\n\n<p>Servi\u00e7os de transporte de encomendas ou similares.<\/p>\n\n\n\n<p>Qual \u00e9 o conte\u00fado da guia de remessa?<\/p>\n\n\n\n<p>Local e data de emiss\u00e3o<\/p>\n\n\n\n<p>Nome completo, NIF\/CIF e endere\u00e7o do expedidor e, se for caso disso, do expedidor.<\/p>\n\n\n\n<p>Nome completo, NIF\/CIF e endere\u00e7o do transportador e, se for caso disso, do terceiro que recebe as mercadorias para transporte.<\/p>\n\n\n\n<p>Local e data de rece\u00e7\u00e3o das mercadorias pelo transportador.<\/p>\n\n\n\n<p>Local e, se for caso disso, data prevista de entrega das mercadorias no destino.<\/p>\n\n\n\n<p>Nome e endere\u00e7o do destinat\u00c6rio (tamb\u00d8m endere\u00e7o para a presta\u00e7\u00aao de servi\u00e7os).<\/p>\n\n\n\n<p>Natureza das mercadorias, n\u00bdmero de volumes e sinais e sinais de identifica\u00e7\u00aao.<\/p>\n\n\n\n<p>Identifica\u00e7\u00e3o do car\u00e1cter perigoso das mercadorias expedidas, bem como a designa\u00e7\u00e3o prevista na legisla\u00e7\u00e3o relativa ao transporte de mercadorias perigosas.<\/p>\n\n\n\n<p>Quantidade de mercadorias expedidas, determinada em peso ou expressa de outra forma.<\/p>\n\n\n\n<p>N\u00famero de matr\u00edcula do ve\u00edculo utilizado para efetuar o transporte. No caso de um conjunto articulado, deve ser indicado tanto o n\u00famero de matr\u00edcula do ve\u00edculo trator como o do semirreboque ou reboque por ele rebocado.<\/p>\n\n\n\n<p>Tipo de embalagem utilizado para o acondicionamento das remessas.<\/p>\n\n\n\n<p>O pre\u00e7o acordado para o transporte e o montante das despesas de transporte previs\u00edveis.<\/p>\n\n\n\n<p>Indica\u00e7\u00e3o do facto de o pre\u00e7o de transporte ser pago pelo expedidor ou pelo destinat\u00e1rio.<\/p>\n\n\n\n<p>Se for caso disso, declara\u00e7\u00e3o do valor da mercadoria ou de um interesse especial na entrega.<\/p>\n\n\n\n<p>Instru\u00e7\u00f5es para o cumprimento das formalidades e das formalidades administrativas necess\u00e1rias em rela\u00e7\u00e3o \u00e0 mercadoria.<\/p>\n\n\n\n<p>Quantos exemplares deve ter a guia de remessa?<\/p>\n\n\n\n<p>A guia de remessa \u00e9 emitida em tr\u00eas exemplares originais, que devem ser assinados pelo expedidor e pelo transportador. O primeiro exemplar da guia de remessa \u00e9 entregue ao expedidor, o segundo exemplar acompanha as mercadorias transportadas e o terceiro fica com o transportador.<\/p>\n\n\n\n<p>O destinat\u00e1rio pode exigir que as mercadorias lhe sejam entregues juntamente com a segunda via da guia de remessa. O transportador pode exigir que o destinat\u00e1rio emita um recibo das mercadorias entregues no seu exemplar da declara\u00e7\u00e3o de expedi\u00e7\u00e3o ou num documento separado assinado por ambas as partes.<\/p>\n\n\n\n<p>A assinatura da guia de remessa por meios mec\u00e2nicos, pela aposi\u00e7\u00e3o de um carimbo ou por qualquer outro meio adequado \u00e9 v\u00e1lida, desde que a identidade do signat\u00e1rio seja comprovada.<\/p>\n\n\n\n<p>A guia de remessa assinada por ambas as partes faz prova da celebra\u00e7\u00e3o e do conte\u00fado do contrato, bem como da rece\u00e7\u00e3o das mercadorias pelo transportador, salvo prova em contr\u00e1rio.<\/p>\n\n\n\n<p>Se as partes estiverem de acordo, podem emitir a guia de remessa por meios electr\u00f3nicos, em conformidade com a legisla\u00e7\u00e3o em vigor.<\/p>\n\n\n\n<p>Coimas previstas na LOTA\u00c7\u00c2O relativamente ao documento de transporte<\/p>\n\n\n\n<p>Constitui uma infra\u00e7\u00e3o grave a aus\u00eancia, a falta de dilig\u00eancia ou a falta de dados essenciais no documento de controlo ou na guia de remessa (141.5 n.\u00ba 11 e 141.17 da LOTE).<\/p>\n\n\n\n<p>Coima: 801 a 1.000 euros.<\/p>\n\n\n\n<p>Infrac\u00e7\u00f5es muito graves no transporte de mercadorias perigosas:<\/p>\n\n\n\n<p>N\u00e3o ter a bordo do ve\u00edculo uma guia de remessa que abranja todas as mercadorias transportadas ou transport\u00e1-la sem indicar quais as mercadorias transportadas.<\/p>\n\n\n\n<p>Indicar incorretamente as mercadorias transportadas na declara\u00e7\u00e3o de expedi\u00e7\u00e3o.<\/p>\n\n\n\n<p>Multa de 4.001 a 6.000 euros.<\/p>\n\n\n\n<p>Quando o respons\u00e1vel pela mesma j\u00e1 tenha sido sancionado atrav\u00e9s de resolu\u00e7\u00e3o que ponha termo a um processo administrativo pela pr\u00e1tica de qualquer outra infra\u00e7\u00e3o muito grave das previstas na LOTA\u00c7OR nos 12 meses anteriores.<\/p>\n\n\n\n<p>Coima de 6.001 a 18.000 euros.<\/p>\n","protected":false},"excerpt":{"rendered":"<p>A guia de remessa \u00e9 um documento jur\u00eddico de car\u00e1cter declarativo que comprova a exist\u00eancia de um contrato de transporte. Informa sobre as condi\u00e7\u00f5es em que o acordo foi celebrado e atribui direitos sobre as mercadorias transportadas, raz\u00e3o pela qual \u00e9 obrigat\u00f3rio que seja formalizado sempre que \u00e9 celebrado um contrato de transporte. Se a<\/p>\n","protected":false},"author":7,"featured_media":4260,"comment_status":"closed","ping_status":"closed","sticky":false,"template":"","format":"standard","meta":{"footnotes":""},"categories":[584],"tags":[],"yoast_head":"<!-- This site is optimized with the Yoast SEO plugin v21.1 - https:\/\/yoast.com\/wordpress\/plugins\/seo\/ -->\n<title>Documento de transporte: \u00e9 obrigat\u00f3rio? o que cont\u00e9m? quem n\u00e3o precisa dele? - Laratrans - Servicios log\u00edsticos y transporte<\/title>\n<meta name=\"description\" content=\"Descubra a import\u00e2ncia da guia de remessa como documento essencial no transporte de mercadorias. Saiba quem deve formaliz\u00e1-la, seu conte\u00fado detalhado e quantos exemplares s\u00e3o necess\u00e1rios.\" \/>\n<meta name=\"robots\" content=\"index, follow, max-snippet:-1, max-image-preview:large, max-video-preview:-1\" \/>\n<link rel=\"canonical\" href=\"https:\/\/www.laratrans.com\/pt-pt\/guia-de-remessa-documento-essencial-no-transporte\/\" \/>\n<meta property=\"og:locale\" content=\"pt_PT\" \/>\n<meta property=\"og:type\" content=\"article\" \/>\n<meta property=\"og:title\" content=\"Documento de transporte: \u00e9 obrigat\u00f3rio? o que cont\u00e9m? quem n\u00e3o precisa dele? - Laratrans - Servicios log\u00edsticos y transporte\" \/>\n<meta property=\"og:description\" content=\"Descubra a import\u00e2ncia da guia de remessa como documento essencial no transporte de mercadorias. Saiba quem deve formaliz\u00e1-la, seu conte\u00fado detalhado e quantos exemplares s\u00e3o necess\u00e1rios.\" \/>\n<meta property=\"og:url\" content=\"https:\/\/www.laratrans.com\/pt-pt\/guia-de-remessa-documento-essencial-no-transporte\/\" \/>\n<meta property=\"og:site_name\" content=\"Laratrans - Servicios log\u00edsticos y transporte\" \/>\n<meta property=\"article:published_time\" content=\"2023-09-13T12:46:33+00:00\" \/>\n<meta property=\"article:modified_time\" content=\"2023-11-02T16:19:30+00:00\" \/>\n<meta property=\"og:image\" content=\"https:\/\/www.laratrans.com\/wp-content\/uploads\/2023\/09\/laratrans-carta-de-porte.jpg\" \/>\n\t<meta property=\"og:image:width\" content=\"750\" \/>\n\t<meta property=\"og:image:height\" content=\"500\" \/>\n\t<meta property=\"og:image:type\" content=\"image\/jpeg\" \/>\n<meta name=\"author\" content=\"Sonia\" \/>\n<meta name=\"twitter:card\" content=\"summary_large_image\" \/>\n<meta name=\"twitter:label1\" content=\"Escrito por\" \/>\n\t<meta name=\"twitter:data1\" content=\"Sonia\" \/>\n\t<meta name=\"twitter:label2\" content=\"Tempo estimado de leitura\" \/>\n\t<meta name=\"twitter:data2\" content=\"4 minutos\" \/>\n<script type=\"application\/ld+json\" class=\"yoast-schema-graph\">{\"@context\":\"https:\/\/schema.org\",\"@graph\":[{\"@type\":\"Article\",\"@id\":\"https:\/\/www.laratrans.com\/pt-pt\/guia-de-remessa-documento-essencial-no-transporte\/#article\",\"isPartOf\":{\"@id\":\"https:\/\/www.laratrans.com\/pt-pt\/guia-de-remessa-documento-essencial-no-transporte\/\"},\"author\":{\"name\":\"Sonia\",\"@id\":\"https:\/\/www.laratrans.com\/pt-pt\/#\/schema\/person\/d6e5c1665ebb43f91bf16dc680305201\"},\"headline\":\"Documento de transporte: \u00e9 obrigat\u00f3rio? o que cont\u00e9m? quem n\u00e3o precisa dele?\",\"datePublished\":\"2023-09-13T12:46:33+00:00\",\"dateModified\":\"2023-11-02T16:19:30+00:00\",\"mainEntityOfPage\":{\"@id\":\"https:\/\/www.laratrans.com\/pt-pt\/guia-de-remessa-documento-essencial-no-transporte\/\"},\"wordCount\":813,\"publisher\":{\"@id\":\"https:\/\/www.laratrans.com\/pt-pt\/#organization\"},\"articleSection\":[\"\u00c1rea t\u00e9cnica\"],\"inLanguage\":\"pt-PT\"},{\"@type\":\"WebPage\",\"@id\":\"https:\/\/www.laratrans.com\/pt-pt\/guia-de-remessa-documento-essencial-no-transporte\/\",\"url\":\"https:\/\/www.laratrans.com\/pt-pt\/guia-de-remessa-documento-essencial-no-transporte\/\",\"name\":\"Documento de transporte: \u00e9 obrigat\u00f3rio? o que cont\u00e9m? quem n\u00e3o precisa dele? - Laratrans - Servicios log\u00edsticos y transporte\",\"isPartOf\":{\"@id\":\"https:\/\/www.laratrans.com\/pt-pt\/#website\"},\"datePublished\":\"2023-09-13T12:46:33+00:00\",\"dateModified\":\"2023-11-02T16:19:30+00:00\",\"description\":\"Descubra a import\u00e2ncia da guia de remessa como documento essencial no transporte de mercadorias. Saiba quem deve formaliz\u00e1-la, seu conte\u00fado detalhado e quantos exemplares s\u00e3o necess\u00e1rios.\",\"breadcrumb\":{\"@id\":\"https:\/\/www.laratrans.com\/pt-pt\/guia-de-remessa-documento-essencial-no-transporte\/#breadcrumb\"},\"inLanguage\":\"pt-PT\",\"potentialAction\":[{\"@type\":\"ReadAction\",\"target\":[\"https:\/\/www.laratrans.com\/pt-pt\/guia-de-remessa-documento-essencial-no-transporte\/\"]}]},{\"@type\":\"BreadcrumbList\",\"@id\":\"https:\/\/www.laratrans.com\/pt-pt\/guia-de-remessa-documento-essencial-no-transporte\/#breadcrumb\",\"itemListElement\":[{\"@type\":\"ListItem\",\"position\":1,\"name\":\"Portada\",\"item\":\"https:\/\/www.laratrans.com\/pt-pt\/\"},{\"@type\":\"ListItem\",\"position\":2,\"name\":\"Documento de transporte: \u00e9 obrigat\u00f3rio? o que cont\u00e9m? quem n\u00e3o precisa dele?\"}]},{\"@type\":\"WebSite\",\"@id\":\"https:\/\/www.laratrans.com\/pt-pt\/#website\",\"url\":\"https:\/\/www.laratrans.com\/pt-pt\/\",\"name\":\"Laratrans - Servicios log\u00edsticos y transporte\",\"description\":\"Grupo Laratrans, Transportes y Soluciones Log\u00edsticas Integrales desde 2003\",\"publisher\":{\"@id\":\"https:\/\/www.laratrans.com\/pt-pt\/#organization\"},\"potentialAction\":[{\"@type\":\"SearchAction\",\"target\":{\"@type\":\"EntryPoint\",\"urlTemplate\":\"https:\/\/www.laratrans.com\/pt-pt\/?s={search_term_string}\"},\"query-input\":\"required name=search_term_string\"}],\"inLanguage\":\"pt-PT\"},{\"@type\":\"Organization\",\"@id\":\"https:\/\/www.laratrans.com\/pt-pt\/#organization\",\"name\":\"Laratrans Servicios Log\u00edsticos y Transportes\",\"url\":\"https:\/\/www.laratrans.com\/pt-pt\/\",\"logo\":{\"@type\":\"ImageObject\",\"inLanguage\":\"pt-PT\",\"@id\":\"https:\/\/www.laratrans.com\/pt-pt\/#\/schema\/logo\/image\/\",\"url\":\"https:\/\/www.laratrans.com\/wp-content\/uploads\/2017\/07\/Laratrans-logo.png\",\"contentUrl\":\"https:\/\/www.laratrans.com\/wp-content\/uploads\/2017\/07\/Laratrans-logo.png\",\"width\":801,\"height\":162,\"caption\":\"Laratrans Servicios Log\u00edsticos y Transportes\"},\"image\":{\"@id\":\"https:\/\/www.laratrans.com\/pt-pt\/#\/schema\/logo\/image\/\"},\"sameAs\":[\"https:\/\/es.linkedin.com\/company\/laratranslogisticaintegral\",\"https:\/\/www.youtube.com\/channel\/UCusx2hwxfP5YuBmFy25C5hQ\"]},{\"@type\":\"Person\",\"@id\":\"https:\/\/www.laratrans.com\/pt-pt\/#\/schema\/person\/d6e5c1665ebb43f91bf16dc680305201\",\"name\":\"Sonia\",\"image\":{\"@type\":\"ImageObject\",\"inLanguage\":\"pt-PT\",\"@id\":\"https:\/\/www.laratrans.com\/pt-pt\/#\/schema\/person\/image\/\",\"url\":\"https:\/\/secure.gravatar.com\/avatar\/3d462bc905166805d065ee476ff5ac92?s=96&d=mm&r=g\",\"contentUrl\":\"https:\/\/secure.gravatar.com\/avatar\/3d462bc905166805d065ee476ff5ac92?s=96&d=mm&r=g\",\"caption\":\"Sonia\"}}]}<\/script>\n<!-- \/ Yoast SEO plugin. -->","yoast_head_json":{"title":"Documento de transporte: \u00e9 obrigat\u00f3rio? o que cont\u00e9m? quem n\u00e3o precisa dele? - Laratrans - Servicios log\u00edsticos y transporte","description":"Descubra a import\u00e2ncia da guia de remessa como documento essencial no transporte de mercadorias. Saiba quem deve formaliz\u00e1-la, seu conte\u00fado detalhado e quantos exemplares s\u00e3o necess\u00e1rios.","robots":{"index":"index","follow":"follow","max-snippet":"max-snippet:-1","max-image-preview":"max-image-preview:large","max-video-preview":"max-video-preview:-1"},"canonical":"https:\/\/www.laratrans.com\/pt-pt\/guia-de-remessa-documento-essencial-no-transporte\/","og_locale":"pt_PT","og_type":"article","og_title":"Documento de transporte: \u00e9 obrigat\u00f3rio? o que cont\u00e9m? quem n\u00e3o precisa dele? - Laratrans - Servicios log\u00edsticos y transporte","og_description":"Descubra a import\u00e2ncia da guia de remessa como documento essencial no transporte de mercadorias. Saiba quem deve formaliz\u00e1-la, seu conte\u00fado detalhado e quantos exemplares s\u00e3o necess\u00e1rios.","og_url":"https:\/\/www.laratrans.com\/pt-pt\/guia-de-remessa-documento-essencial-no-transporte\/","og_site_name":"Laratrans - Servicios log\u00edsticos y transporte","article_published_time":"2023-09-13T12:46:33+00:00","article_modified_time":"2023-11-02T16:19:30+00:00","og_image":[{"width":750,"height":500,"url":"https:\/\/www.laratrans.com\/wp-content\/uploads\/2023\/09\/laratrans-carta-de-porte.jpg","type":"image\/jpeg"}],"author":"Sonia","twitter_card":"summary_large_image","twitter_misc":{"Escrito por":"Sonia","Tempo estimado de leitura":"4 minutos"},"schema":{"@context":"https:\/\/schema.org","@graph":[{"@type":"Article","@id":"https:\/\/www.laratrans.com\/pt-pt\/guia-de-remessa-documento-essencial-no-transporte\/#article","isPartOf":{"@id":"https:\/\/www.laratrans.com\/pt-pt\/guia-de-remessa-documento-essencial-no-transporte\/"},"author":{"name":"Sonia","@id":"https:\/\/www.laratrans.com\/pt-pt\/#\/schema\/person\/d6e5c1665ebb43f91bf16dc680305201"},"headline":"Documento de transporte: \u00e9 obrigat\u00f3rio? o que cont\u00e9m? quem n\u00e3o precisa dele?","datePublished":"2023-09-13T12:46:33+00:00","dateModified":"2023-11-02T16:19:30+00:00","mainEntityOfPage":{"@id":"https:\/\/www.laratrans.com\/pt-pt\/guia-de-remessa-documento-essencial-no-transporte\/"},"wordCount":813,"publisher":{"@id":"https:\/\/www.laratrans.com\/pt-pt\/#organization"},"articleSection":["\u00c1rea t\u00e9cnica"],"inLanguage":"pt-PT"},{"@type":"WebPage","@id":"https:\/\/www.laratrans.com\/pt-pt\/guia-de-remessa-documento-essencial-no-transporte\/","url":"https:\/\/www.laratrans.com\/pt-pt\/guia-de-remessa-documento-essencial-no-transporte\/","name":"Documento de transporte: \u00e9 obrigat\u00f3rio? o que cont\u00e9m? quem n\u00e3o precisa dele? - Laratrans - Servicios log\u00edsticos y transporte","isPartOf":{"@id":"https:\/\/www.laratrans.com\/pt-pt\/#website"},"datePublished":"2023-09-13T12:46:33+00:00","dateModified":"2023-11-02T16:19:30+00:00","description":"Descubra a import\u00e2ncia da guia de remessa como documento essencial no transporte de mercadorias. Saiba quem deve formaliz\u00e1-la, seu conte\u00fado detalhado e quantos exemplares s\u00e3o necess\u00e1rios.","breadcrumb":{"@id":"https:\/\/www.laratrans.com\/pt-pt\/guia-de-remessa-documento-essencial-no-transporte\/#breadcrumb"},"inLanguage":"pt-PT","potentialAction":[{"@type":"ReadAction","target":["https:\/\/www.laratrans.com\/pt-pt\/guia-de-remessa-documento-essencial-no-transporte\/"]}]},{"@type":"BreadcrumbList","@id":"https:\/\/www.laratrans.com\/pt-pt\/guia-de-remessa-documento-essencial-no-transporte\/#breadcrumb","itemListElement":[{"@type":"ListItem","position":1,"name":"Portada","item":"https:\/\/www.laratrans.com\/pt-pt\/"},{"@type":"ListItem","position":2,"name":"Documento de transporte: \u00e9 obrigat\u00f3rio? o que cont\u00e9m? quem n\u00e3o precisa dele?"}]},{"@type":"WebSite","@id":"https:\/\/www.laratrans.com\/pt-pt\/#website","url":"https:\/\/www.laratrans.com\/pt-pt\/","name":"Laratrans - Servicios log\u00edsticos y transporte","description":"Grupo Laratrans, Transportes y Soluciones Log\u00edsticas Integrales desde 2003","publisher":{"@id":"https:\/\/www.laratrans.com\/pt-pt\/#organization"},"potentialAction":[{"@type":"SearchAction","target":{"@type":"EntryPoint","urlTemplate":"https:\/\/www.laratrans.com\/pt-pt\/?s={search_term_string}"},"query-input":"required name=search_term_string"}],"inLanguage":"pt-PT"},{"@type":"Organization","@id":"https:\/\/www.laratrans.com\/pt-pt\/#organization","name":"Laratrans Servicios Log\u00edsticos y Transportes","url":"https:\/\/www.laratrans.com\/pt-pt\/","logo":{"@type":"ImageObject","inLanguage":"pt-PT","@id":"https:\/\/www.laratrans.com\/pt-pt\/#\/schema\/logo\/image\/","url":"https:\/\/www.laratrans.com\/wp-content\/uploads\/2017\/07\/Laratrans-logo.png","contentUrl":"https:\/\/www.laratrans.com\/wp-content\/uploads\/2017\/07\/Laratrans-logo.png","width":801,"height":162,"caption":"Laratrans Servicios Log\u00edsticos y Transportes"},"image":{"@id":"https:\/\/www.laratrans.com\/pt-pt\/#\/schema\/logo\/image\/"},"sameAs":["https:\/\/es.linkedin.com\/company\/laratranslogisticaintegral","https:\/\/www.youtube.com\/channel\/UCusx2hwxfP5YuBmFy25C5hQ"]},{"@type":"Person","@id":"https:\/\/www.laratrans.com\/pt-pt\/#\/schema\/person\/d6e5c1665ebb43f91bf16dc680305201","name":"Sonia","image":{"@type":"ImageObject","inLanguage":"pt-PT","@id":"https:\/\/www.laratrans.com\/pt-pt\/#\/schema\/person\/image\/","url":"https:\/\/secure.gravatar.com\/avatar\/3d462bc905166805d065ee476ff5ac92?s=96&d=mm&r=g","contentUrl":"https:\/\/secure.gravatar.com\/avatar\/3d462bc905166805d065ee476ff5ac92?s=96&d=mm&r=g","caption":"Sonia"}}]}},"_links":{"self":[{"href":"https:\/\/www.laratrans.com\/pt-pt\/wp-json\/wp\/v2\/posts\/4259"}],"collection":[{"href":"https:\/\/www.laratrans.com\/pt-pt\/wp-json\/wp\/v2\/posts"}],"about":[{"href":"https:\/\/www.laratrans.com\/pt-pt\/wp-json\/wp\/v2\/types\/post"}],"author":[{"embeddable":true,"href":"https:\/\/www.laratrans.com\/pt-pt\/wp-json\/wp\/v2\/users\/7"}],"replies":[{"embeddable":true,"href":"https:\/\/www.laratrans.com\/pt-pt\/wp-json\/wp\/v2\/comments?post=4259"}],"version-history":[{"count":1,"href":"https:\/\/www.laratrans.com\/pt-pt\/wp-json\/wp\/v2\/posts\/4259\/revisions"}],"predecessor-version":[{"id":4263,"href":"https:\/\/www.laratrans.com\/pt-pt\/wp-json\/wp\/v2\/posts\/4259\/revisions\/4263"}],"wp:featuredmedia":[{"embeddable":true,"href":"https:\/\/www.laratrans.com\/pt-pt\/wp-json\/wp\/v2\/media\/4260"}],"wp:attachment":[{"href":"https:\/\/www.laratrans.com\/pt-pt\/wp-json\/wp\/v2\/media?parent=4259"}],"wp:term":[{"taxonomy":"category","embeddable":true,"href":"https:\/\/www.laratrans.com\/pt-pt\/wp-json\/wp\/v2\/categories?post=4259"},{"taxonomy":"post_tag","embeddable":true,"href":"https:\/\/www.laratrans.com\/pt-pt\/wp-json\/wp\/v2\/tags?post=4259"}],"curies":[{"name":"wp","href":"https:\/\/api.w.org\/{rel}","templated":true}]}}