{"id":4197,"date":"2023-09-13T13:24:27","date_gmt":"2023-09-13T12:24:27","guid":{"rendered":"https:\/\/www.laratrans.com\/?p=4197"},"modified":"2023-11-02T17:26:54","modified_gmt":"2023-11-02T16:26:54","slug":"restricoes-a-utilizacao-do-dda","status":"publish","type":"post","link":"https:\/\/www.laratrans.com\/pt-pt\/restricoes-a-utilizacao-do-dda\/","title":{"rendered":"Restri\u00e7\u00f5es \u00e0 utiliza\u00e7\u00e3o do DDA"},"content":{"rendered":"\n<p>Desde 1 de janeiro de 2016, a utiliza\u00e7\u00e3o do sistema DDA foi significativamente restringida, limitando os produtos que est\u00e3o isentos ao abrigo deste sistema e limitando os casos em que a sa\u00edda de bens deve ser liquidada atrav\u00e9s de um formul\u00e1rio 380.<\/p>\n\n\n\n<p>A Lei 28\/2014, que altera, entre outros regulamentos, a Lei 37\/1992 do Imposto sobre o Valor Acrescentado, estabelece a modifica\u00e7\u00e3o de uma s\u00e9rie de aspectos relacionados com o funcionamento do regime DDA. Entre eles, destacam-se os seguintes:<\/p>\n\n\n\n<p>1.- Estabelecimento de uma lista de casos em que a isen\u00e7\u00e3o \u00e9 aplic\u00e1vel \u00e0 importa\u00e7\u00e3o de bens sujeitos ao regime DDA (importa\u00e7\u00e3o SAD com 07 na casa 37).<\/p>\n\n\n\n<p>Atualmente, o artigo 65.\u00ba da Lei n.\u00ba 37\/1992 relativa ao IVA (LIVA) estabelece uma isen\u00e7\u00e3o geral para a importa\u00e7\u00e3o de bens destinados a ser ligados a um DDA. A Lei 28\/2014 limita o \u00e2mbito de aplica\u00e7\u00e3o desta isen\u00e7\u00e3o a quatro tipos de bens<\/p>\n\n\n\n<p>as sujeitas \u00e0 IEE, as provenientes de partes do territ\u00f3rio aduaneiro da Uni\u00e3o onde a Diretiva IVA n\u00e3o se aplica, como as Ilhas Can\u00e1rias, Guadalupe, Guiana Francesa, Martinica, Monte Athos&#8230; e certas mat\u00e9rias-primas do tipo habitualmente comercializado nos mercados internacionais, como certos produtos agr\u00edcolas, gorduras e \u00f3leos vegetais, hidrocarbonetos, produtos qu\u00edmicos a granel, borracha, l\u00e3, certos metais&#8230;<\/p>\n\n\n\n<p>os destinados \u00e0s lojas francas sob controlo aduaneiro nos portos e aeroportos.<\/p>\n\n\n\n<p>2.- Limita\u00e7\u00e3o da isen\u00e7\u00e3o relativa \u00e0s presta\u00e7\u00f5es de servi\u00e7os sobre bens de importa\u00e7\u00e3o destinados a ser ligados \u00e0 ADD.<\/p>\n\n\n\n<p>A altera\u00e7\u00e3o do artigo 24.\u00ba da LIVA associa a isen\u00e7\u00e3o aplic\u00e1vel \u00e0s presta\u00e7\u00f5es de servi\u00e7os diretamente relacionadas com a importa\u00e7\u00e3o de bens ligados \u00e0 DDA ao facto de essa importa\u00e7\u00e3o estar isenta com base no artigo 65. Assim, limita-se o n\u00famero de casos em que o abandono do regime DDA d\u00e1 origem a uma opera\u00e7\u00e3o equiparada a uma importa\u00e7\u00e3o, que deve ser declarada no formul\u00e1rio 380.<\/p>\n\n\n\n<p>No entanto, esta varia\u00e7\u00e3o n\u00e3o afectaria nem as entregas de bens que se pretendem ligar nem as que j\u00e1 est\u00e3o ligadas ao DDA, que continuar\u00e3o a estar isentas ao abrigo da nova reda\u00e7\u00e3o do artigo 24\u00ba da LIVA.<\/p>\n\n\n\n<p>3.- Responsabilidade subsidi\u00e1ria do titular do DDA pela d\u00edvida fiscal constitu\u00edda aquando da sa\u00edda dos bens.<\/p>\n\n\n\n<p>A altera\u00e7\u00e3o do Anexo VIVA introduz o titular do DDA como respons\u00e1vel subsidi\u00e1rio pela d\u00edvida fiscal constitu\u00edda aquando do abandono dos bens do regime DDA. Este facto generaliza esta responsabilidade, que at\u00e9 agora se limitava ao caso de abandono do DDA dos metais inclu\u00eddos no segundo par\u00e1grafo do artigo 19.5 LIVA.<\/p>\n","protected":false},"excerpt":{"rendered":"<p>Desde 1 de janeiro de 2016, a utiliza\u00e7\u00e3o do sistema DDA foi significativamente restringida, limitando os produtos que est\u00e3o isentos ao abrigo deste sistema e limitando os casos em que a sa\u00edda de bens deve ser liquidada atrav\u00e9s de um formul\u00e1rio 380. A Lei 28\/2014, que altera, entre outros regulamentos, a Lei 37\/1992 do Imposto<\/p>\n","protected":false},"author":7,"featured_media":4198,"comment_status":"closed","ping_status":"closed","sticky":false,"template":"","format":"standard","meta":{"footnotes":""},"categories":[584],"tags":[],"yoast_head":"<!-- This site is optimized with the Yoast SEO plugin v21.1 - https:\/\/yoast.com\/wordpress\/plugins\/seo\/ -->\n<title>Restri\u00e7\u00f5es \u00e0 utiliza\u00e7\u00e3o do DDA - Laratrans - Servicios log\u00edsticos y transporte<\/title>\n<meta name=\"description\" content=\"Descubra as mudan\u00e7as significativas no sistema DDA (Dep\u00f3sito Distinto Aduaneiro) a partir de 1 de janeiro de 2016. A Lei 28\/2014 alterou aspectos fundamentais relacionados com a isen\u00e7\u00e3o da importa\u00e7\u00e3o de bens no \u00e2mbito do DDA, limitando casos espec\u00edficos e introduzindo responsabilidades subsidi\u00e1rias.\" \/>\n<meta name=\"robots\" content=\"index, follow, max-snippet:-1, max-image-preview:large, max-video-preview:-1\" \/>\n<link rel=\"canonical\" href=\"https:\/\/www.laratrans.com\/pt-pt\/restricoes-a-utilizacao-do-dda\/\" \/>\n<meta property=\"og:locale\" content=\"pt_PT\" \/>\n<meta property=\"og:type\" content=\"article\" \/>\n<meta property=\"og:title\" content=\"Restri\u00e7\u00f5es \u00e0 utiliza\u00e7\u00e3o do DDA - Laratrans - Servicios log\u00edsticos y transporte\" \/>\n<meta property=\"og:description\" content=\"Descubra as mudan\u00e7as significativas no sistema DDA (Dep\u00f3sito Distinto Aduaneiro) a partir de 1 de janeiro de 2016. A Lei 28\/2014 alterou aspectos fundamentais relacionados com a isen\u00e7\u00e3o da importa\u00e7\u00e3o de bens no \u00e2mbito do DDA, limitando casos espec\u00edficos e introduzindo responsabilidades subsidi\u00e1rias.\" \/>\n<meta property=\"og:url\" content=\"https:\/\/www.laratrans.com\/pt-pt\/restricoes-a-utilizacao-do-dda\/\" \/>\n<meta property=\"og:site_name\" content=\"Laratrans - Servicios log\u00edsticos y transporte\" \/>\n<meta property=\"article:published_time\" content=\"2023-09-13T12:24:27+00:00\" \/>\n<meta property=\"article:modified_time\" content=\"2023-11-02T16:26:54+00:00\" \/>\n<meta property=\"og:image\" content=\"https:\/\/www.laratrans.com\/wp-content\/uploads\/2023\/09\/Logistica-integral-Laratrans.jpeg\" \/>\n\t<meta property=\"og:image:width\" content=\"1678\" \/>\n\t<meta property=\"og:image:height\" content=\"1119\" \/>\n\t<meta property=\"og:image:type\" content=\"image\/jpeg\" \/>\n<meta name=\"author\" content=\"Sonia\" \/>\n<meta name=\"twitter:card\" content=\"summary_large_image\" \/>\n<meta name=\"twitter:label1\" content=\"Escrito por\" \/>\n\t<meta name=\"twitter:data1\" content=\"Sonia\" \/>\n\t<meta name=\"twitter:label2\" content=\"Tempo estimado de leitura\" \/>\n\t<meta name=\"twitter:data2\" content=\"2 minutos\" \/>\n<script type=\"application\/ld+json\" class=\"yoast-schema-graph\">{\"@context\":\"https:\/\/schema.org\",\"@graph\":[{\"@type\":\"Article\",\"@id\":\"https:\/\/www.laratrans.com\/pt-pt\/restricoes-a-utilizacao-do-dda\/#article\",\"isPartOf\":{\"@id\":\"https:\/\/www.laratrans.com\/pt-pt\/restricoes-a-utilizacao-do-dda\/\"},\"author\":{\"name\":\"Sonia\",\"@id\":\"https:\/\/www.laratrans.com\/pt-pt\/#\/schema\/person\/d6e5c1665ebb43f91bf16dc680305201\"},\"headline\":\"Restri\u00e7\u00f5es \u00e0 utiliza\u00e7\u00e3o do DDA\",\"datePublished\":\"2023-09-13T12:24:27+00:00\",\"dateModified\":\"2023-11-02T16:26:54+00:00\",\"mainEntityOfPage\":{\"@id\":\"https:\/\/www.laratrans.com\/pt-pt\/restricoes-a-utilizacao-do-dda\/\"},\"wordCount\":449,\"publisher\":{\"@id\":\"https:\/\/www.laratrans.com\/pt-pt\/#organization\"},\"articleSection\":[\"\u00c1rea t\u00e9cnica\"],\"inLanguage\":\"pt-PT\"},{\"@type\":\"WebPage\",\"@id\":\"https:\/\/www.laratrans.com\/pt-pt\/restricoes-a-utilizacao-do-dda\/\",\"url\":\"https:\/\/www.laratrans.com\/pt-pt\/restricoes-a-utilizacao-do-dda\/\",\"name\":\"Restri\u00e7\u00f5es \u00e0 utiliza\u00e7\u00e3o do DDA - Laratrans - Servicios log\u00edsticos y transporte\",\"isPartOf\":{\"@id\":\"https:\/\/www.laratrans.com\/pt-pt\/#website\"},\"datePublished\":\"2023-09-13T12:24:27+00:00\",\"dateModified\":\"2023-11-02T16:26:54+00:00\",\"description\":\"Descubra as mudan\u00e7as significativas no sistema DDA (Dep\u00f3sito Distinto Aduaneiro) a partir de 1 de janeiro de 2016. A Lei 28\/2014 alterou aspectos fundamentais relacionados com a isen\u00e7\u00e3o da importa\u00e7\u00e3o de bens no \u00e2mbito do DDA, limitando casos espec\u00edficos e introduzindo responsabilidades subsidi\u00e1rias.\",\"breadcrumb\":{\"@id\":\"https:\/\/www.laratrans.com\/pt-pt\/restricoes-a-utilizacao-do-dda\/#breadcrumb\"},\"inLanguage\":\"pt-PT\",\"potentialAction\":[{\"@type\":\"ReadAction\",\"target\":[\"https:\/\/www.laratrans.com\/pt-pt\/restricoes-a-utilizacao-do-dda\/\"]}]},{\"@type\":\"BreadcrumbList\",\"@id\":\"https:\/\/www.laratrans.com\/pt-pt\/restricoes-a-utilizacao-do-dda\/#breadcrumb\",\"itemListElement\":[{\"@type\":\"ListItem\",\"position\":1,\"name\":\"Portada\",\"item\":\"https:\/\/www.laratrans.com\/pt-pt\/\"},{\"@type\":\"ListItem\",\"position\":2,\"name\":\"Restri\u00e7\u00f5es \u00e0 utiliza\u00e7\u00e3o do DDA\"}]},{\"@type\":\"WebSite\",\"@id\":\"https:\/\/www.laratrans.com\/pt-pt\/#website\",\"url\":\"https:\/\/www.laratrans.com\/pt-pt\/\",\"name\":\"Laratrans - Servicios log\u00edsticos y transporte\",\"description\":\"Grupo Laratrans, Transportes y Soluciones Log\u00edsticas Integrales desde 2003\",\"publisher\":{\"@id\":\"https:\/\/www.laratrans.com\/pt-pt\/#organization\"},\"potentialAction\":[{\"@type\":\"SearchAction\",\"target\":{\"@type\":\"EntryPoint\",\"urlTemplate\":\"https:\/\/www.laratrans.com\/pt-pt\/?s={search_term_string}\"},\"query-input\":\"required name=search_term_string\"}],\"inLanguage\":\"pt-PT\"},{\"@type\":\"Organization\",\"@id\":\"https:\/\/www.laratrans.com\/pt-pt\/#organization\",\"name\":\"Laratrans Servicios Log\u00edsticos y Transportes\",\"url\":\"https:\/\/www.laratrans.com\/pt-pt\/\",\"logo\":{\"@type\":\"ImageObject\",\"inLanguage\":\"pt-PT\",\"@id\":\"https:\/\/www.laratrans.com\/pt-pt\/#\/schema\/logo\/image\/\",\"url\":\"https:\/\/www.laratrans.com\/wp-content\/uploads\/2017\/07\/Laratrans-logo.png\",\"contentUrl\":\"https:\/\/www.laratrans.com\/wp-content\/uploads\/2017\/07\/Laratrans-logo.png\",\"width\":801,\"height\":162,\"caption\":\"Laratrans Servicios Log\u00edsticos y Transportes\"},\"image\":{\"@id\":\"https:\/\/www.laratrans.com\/pt-pt\/#\/schema\/logo\/image\/\"},\"sameAs\":[\"https:\/\/es.linkedin.com\/company\/laratranslogisticaintegral\",\"https:\/\/www.youtube.com\/channel\/UCusx2hwxfP5YuBmFy25C5hQ\"]},{\"@type\":\"Person\",\"@id\":\"https:\/\/www.laratrans.com\/pt-pt\/#\/schema\/person\/d6e5c1665ebb43f91bf16dc680305201\",\"name\":\"Sonia\",\"image\":{\"@type\":\"ImageObject\",\"inLanguage\":\"pt-PT\",\"@id\":\"https:\/\/www.laratrans.com\/pt-pt\/#\/schema\/person\/image\/\",\"url\":\"https:\/\/secure.gravatar.com\/avatar\/3d462bc905166805d065ee476ff5ac92?s=96&d=mm&r=g\",\"contentUrl\":\"https:\/\/secure.gravatar.com\/avatar\/3d462bc905166805d065ee476ff5ac92?s=96&d=mm&r=g\",\"caption\":\"Sonia\"}}]}<\/script>\n<!-- \/ Yoast SEO plugin. -->","yoast_head_json":{"title":"Restri\u00e7\u00f5es \u00e0 utiliza\u00e7\u00e3o do DDA - Laratrans - Servicios log\u00edsticos y transporte","description":"Descubra as mudan\u00e7as significativas no sistema DDA (Dep\u00f3sito Distinto Aduaneiro) a partir de 1 de janeiro de 2016. A Lei 28\/2014 alterou aspectos fundamentais relacionados com a isen\u00e7\u00e3o da importa\u00e7\u00e3o de bens no \u00e2mbito do DDA, limitando casos espec\u00edficos e introduzindo responsabilidades subsidi\u00e1rias.","robots":{"index":"index","follow":"follow","max-snippet":"max-snippet:-1","max-image-preview":"max-image-preview:large","max-video-preview":"max-video-preview:-1"},"canonical":"https:\/\/www.laratrans.com\/pt-pt\/restricoes-a-utilizacao-do-dda\/","og_locale":"pt_PT","og_type":"article","og_title":"Restri\u00e7\u00f5es \u00e0 utiliza\u00e7\u00e3o do DDA - Laratrans - Servicios log\u00edsticos y transporte","og_description":"Descubra as mudan\u00e7as significativas no sistema DDA (Dep\u00f3sito Distinto Aduaneiro) a partir de 1 de janeiro de 2016. A Lei 28\/2014 alterou aspectos fundamentais relacionados com a isen\u00e7\u00e3o da importa\u00e7\u00e3o de bens no \u00e2mbito do DDA, limitando casos espec\u00edficos e introduzindo responsabilidades subsidi\u00e1rias.","og_url":"https:\/\/www.laratrans.com\/pt-pt\/restricoes-a-utilizacao-do-dda\/","og_site_name":"Laratrans - Servicios log\u00edsticos y transporte","article_published_time":"2023-09-13T12:24:27+00:00","article_modified_time":"2023-11-02T16:26:54+00:00","og_image":[{"width":1678,"height":1119,"url":"https:\/\/www.laratrans.com\/wp-content\/uploads\/2023\/09\/Logistica-integral-Laratrans.jpeg","type":"image\/jpeg"}],"author":"Sonia","twitter_card":"summary_large_image","twitter_misc":{"Escrito por":"Sonia","Tempo estimado de leitura":"2 minutos"},"schema":{"@context":"https:\/\/schema.org","@graph":[{"@type":"Article","@id":"https:\/\/www.laratrans.com\/pt-pt\/restricoes-a-utilizacao-do-dda\/#article","isPartOf":{"@id":"https:\/\/www.laratrans.com\/pt-pt\/restricoes-a-utilizacao-do-dda\/"},"author":{"name":"Sonia","@id":"https:\/\/www.laratrans.com\/pt-pt\/#\/schema\/person\/d6e5c1665ebb43f91bf16dc680305201"},"headline":"Restri\u00e7\u00f5es \u00e0 utiliza\u00e7\u00e3o do DDA","datePublished":"2023-09-13T12:24:27+00:00","dateModified":"2023-11-02T16:26:54+00:00","mainEntityOfPage":{"@id":"https:\/\/www.laratrans.com\/pt-pt\/restricoes-a-utilizacao-do-dda\/"},"wordCount":449,"publisher":{"@id":"https:\/\/www.laratrans.com\/pt-pt\/#organization"},"articleSection":["\u00c1rea t\u00e9cnica"],"inLanguage":"pt-PT"},{"@type":"WebPage","@id":"https:\/\/www.laratrans.com\/pt-pt\/restricoes-a-utilizacao-do-dda\/","url":"https:\/\/www.laratrans.com\/pt-pt\/restricoes-a-utilizacao-do-dda\/","name":"Restri\u00e7\u00f5es \u00e0 utiliza\u00e7\u00e3o do DDA - Laratrans - Servicios log\u00edsticos y transporte","isPartOf":{"@id":"https:\/\/www.laratrans.com\/pt-pt\/#website"},"datePublished":"2023-09-13T12:24:27+00:00","dateModified":"2023-11-02T16:26:54+00:00","description":"Descubra as mudan\u00e7as significativas no sistema DDA (Dep\u00f3sito Distinto Aduaneiro) a partir de 1 de janeiro de 2016. A Lei 28\/2014 alterou aspectos fundamentais relacionados com a isen\u00e7\u00e3o da importa\u00e7\u00e3o de bens no \u00e2mbito do DDA, limitando casos espec\u00edficos e introduzindo responsabilidades subsidi\u00e1rias.","breadcrumb":{"@id":"https:\/\/www.laratrans.com\/pt-pt\/restricoes-a-utilizacao-do-dda\/#breadcrumb"},"inLanguage":"pt-PT","potentialAction":[{"@type":"ReadAction","target":["https:\/\/www.laratrans.com\/pt-pt\/restricoes-a-utilizacao-do-dda\/"]}]},{"@type":"BreadcrumbList","@id":"https:\/\/www.laratrans.com\/pt-pt\/restricoes-a-utilizacao-do-dda\/#breadcrumb","itemListElement":[{"@type":"ListItem","position":1,"name":"Portada","item":"https:\/\/www.laratrans.com\/pt-pt\/"},{"@type":"ListItem","position":2,"name":"Restri\u00e7\u00f5es \u00e0 utiliza\u00e7\u00e3o do DDA"}]},{"@type":"WebSite","@id":"https:\/\/www.laratrans.com\/pt-pt\/#website","url":"https:\/\/www.laratrans.com\/pt-pt\/","name":"Laratrans - Servicios log\u00edsticos y transporte","description":"Grupo Laratrans, Transportes y Soluciones Log\u00edsticas Integrales desde 2003","publisher":{"@id":"https:\/\/www.laratrans.com\/pt-pt\/#organization"},"potentialAction":[{"@type":"SearchAction","target":{"@type":"EntryPoint","urlTemplate":"https:\/\/www.laratrans.com\/pt-pt\/?s={search_term_string}"},"query-input":"required name=search_term_string"}],"inLanguage":"pt-PT"},{"@type":"Organization","@id":"https:\/\/www.laratrans.com\/pt-pt\/#organization","name":"Laratrans Servicios Log\u00edsticos y Transportes","url":"https:\/\/www.laratrans.com\/pt-pt\/","logo":{"@type":"ImageObject","inLanguage":"pt-PT","@id":"https:\/\/www.laratrans.com\/pt-pt\/#\/schema\/logo\/image\/","url":"https:\/\/www.laratrans.com\/wp-content\/uploads\/2017\/07\/Laratrans-logo.png","contentUrl":"https:\/\/www.laratrans.com\/wp-content\/uploads\/2017\/07\/Laratrans-logo.png","width":801,"height":162,"caption":"Laratrans Servicios Log\u00edsticos y Transportes"},"image":{"@id":"https:\/\/www.laratrans.com\/pt-pt\/#\/schema\/logo\/image\/"},"sameAs":["https:\/\/es.linkedin.com\/company\/laratranslogisticaintegral","https:\/\/www.youtube.com\/channel\/UCusx2hwxfP5YuBmFy25C5hQ"]},{"@type":"Person","@id":"https:\/\/www.laratrans.com\/pt-pt\/#\/schema\/person\/d6e5c1665ebb43f91bf16dc680305201","name":"Sonia","image":{"@type":"ImageObject","inLanguage":"pt-PT","@id":"https:\/\/www.laratrans.com\/pt-pt\/#\/schema\/person\/image\/","url":"https:\/\/secure.gravatar.com\/avatar\/3d462bc905166805d065ee476ff5ac92?s=96&d=mm&r=g","contentUrl":"https:\/\/secure.gravatar.com\/avatar\/3d462bc905166805d065ee476ff5ac92?s=96&d=mm&r=g","caption":"Sonia"}}]}},"_links":{"self":[{"href":"https:\/\/www.laratrans.com\/pt-pt\/wp-json\/wp\/v2\/posts\/4197"}],"collection":[{"href":"https:\/\/www.laratrans.com\/pt-pt\/wp-json\/wp\/v2\/posts"}],"about":[{"href":"https:\/\/www.laratrans.com\/pt-pt\/wp-json\/wp\/v2\/types\/post"}],"author":[{"embeddable":true,"href":"https:\/\/www.laratrans.com\/pt-pt\/wp-json\/wp\/v2\/users\/7"}],"replies":[{"embeddable":true,"href":"https:\/\/www.laratrans.com\/pt-pt\/wp-json\/wp\/v2\/comments?post=4197"}],"version-history":[{"count":1,"href":"https:\/\/www.laratrans.com\/pt-pt\/wp-json\/wp\/v2\/posts\/4197\/revisions"}],"predecessor-version":[{"id":4201,"href":"https:\/\/www.laratrans.com\/pt-pt\/wp-json\/wp\/v2\/posts\/4197\/revisions\/4201"}],"wp:featuredmedia":[{"embeddable":true,"href":"https:\/\/www.laratrans.com\/pt-pt\/wp-json\/wp\/v2\/media\/4198"}],"wp:attachment":[{"href":"https:\/\/www.laratrans.com\/pt-pt\/wp-json\/wp\/v2\/media?parent=4197"}],"wp:term":[{"taxonomy":"category","embeddable":true,"href":"https:\/\/www.laratrans.com\/pt-pt\/wp-json\/wp\/v2\/categories?post=4197"},{"taxonomy":"post_tag","embeddable":true,"href":"https:\/\/www.laratrans.com\/pt-pt\/wp-json\/wp\/v2\/tags?post=4197"}],"curies":[{"name":"wp","href":"https:\/\/api.w.org\/{rel}","templated":true}]}}