{"id":2112,"date":"2017-08-22T10:23:09","date_gmt":"2017-08-22T10:23:09","guid":{"rendered":"https:\/\/www.laratrans.com\/entrevista-a-pablo-lara\/"},"modified":"2017-09-27T08:24:47","modified_gmt":"2017-09-27T08:24:47","slug":"entrevista-a-pablo-lara","status":"publish","type":"post","link":"https:\/\/www.laratrans.com\/en\/entrevista-a-pablo-lara\/","title":{"rendered":"Entrevista a Pablo Lara &#8211; Veinte Pies"},"content":{"rendered":"<p>Pablo Lara tom\u00f3 el relevo a su padre, Armando Lara, fundador en la d\u00e9cada de los setenta de Laratrans, al<br \/>\nfrente de la compa\u00f1\u00eda. La compa\u00f1\u00eda ofrece en la actualidad servicios log\u00edsticos y de transporte y tiene en su<br \/>\nequipo humano el principal valor y elemento competitivo.<\/p>\n<p>Hasta hace diez a\u00f1os Laratrans se centraba en los servicios de transporte de carga convencional. Fue entonces cuando la compa\u00f1\u00eda entr\u00f3 en el mercado log\u00edstico y empez\u00f3 a ofrecer servicios vinculados\u00a0con la actividad portuaria y el tr\u00e1fico de contenedores. Laratrans es ahora un operador\u00a0log\u00edstico integral.<\/p>\n<blockquote><p><strong>Desde 2007 estamos en Valencia, en la zona de Abastos, y contamos con taller y parking en Quart de Poblet<\/strong>\u00a0&#8211; explica Pablo Lara.<strong>\u00a0Nuestro principal logro fue concentrar todas las actividades en una zona log\u00edstica, a 17 kil\u00f3metros del puerto, con buenas conexiones a la A-7 y la A-III.<\/strong><\/p><\/blockquote>\n<p>Seg\u00fan Lara, fue un salto cualitativo y cuantitativo muy importante, ya que la empresa pas\u00f3 de contar con 1.400 a 7.500 metros cuadrados de naves. Adem\u00e1s, ahora han pasado de 5.000 a 20.000 metros cuadrados de superficie en Lorigilla.<\/p>\n<p><strong>&#8220;En 2008 empezamos las especialidades en \u00e1reas exentas (DDA, LAME, DEA y ADT). Como almac\u00e9n neutral nos relacionamos con todos los transitarios que quieran trabajar con nosotros\u201d<\/strong>, puntualiza Lara.<\/p>\n<p>Un 15% de los servicios que ofrece Laratrans est\u00e1n destinados a las empresas transitarios. En este sentido, la firma act\u00faa como consolidador, cargador y descargador y trincaje.<\/p>\n<p>En las instalaciones, adem\u00e1s de las naves y la zona de parking de maniobra, Laratrans tiene otros servicios, como gasolinera para todo tipo de veh\u00edculos, tanto propios como ajenos, y servicios almacenaje, consolidaci\u00f3n y<br \/>\ngrupaje de mercanc\u00edas para los clientes.<\/p>\n<p>Lara tambi\u00e9n asegura que la compa\u00f1\u00eda no ha descuidado las nuevas tecnolog\u00edas, que se aplican a las recogidas, entregas y transporte a nivel nacional e internacional (a unos 25 pa\u00edses de la Uni\u00f3n Europea).<\/p>\n<p>La empresa cuenta con el sistema de gesti\u00f3n Lean, que se est\u00e1 aplicando a todos los procesos productivos de la compa\u00f1\u00eda y se traduce en una mejor eficiencia de los procesos de trabajo, \u201clo que se repercute directamente al cliente en todos los servicios que ofrece la empresa\u201d, que es, seg\u00fan Lara, un s\u00edntoma de la conexi\u00f3n directa con el siglo XXI y<br \/>\ncon coyuntura econ\u00f3mica.<\/p>\n<p><strong>\u201cPodemos trabajar en tiempo real en todos los procesos, tanto de transporte como de almac\u00e9n, con importantes<\/strong><br \/>\n<strong>incrementos de eficiencia y reconocimientos trasladados y percibidos por el cliente\u201d<\/strong>, contin\u00faa el director de Laratrans.<\/p>\n<blockquote><p><strong>Nos encontramos enraizados con el pasado que nos ha permitido llegar al momento actual, por la conexi\u00f3n directa<\/strong><br \/>\n<strong>con el fundador de la empresa, que nos ha trasladado los conocimientos y las bases para llevar adelante estos poryectos<\/strong><\/p><\/blockquote>\n<p>En este esfuerzo por sumar la experiencia y la innovaci\u00f3n, Laratrans ha variado su logotipo: \u201cEl nuevo logo pretende<br \/>\ntransmitir el futuro de la actividad que desarrollamos d\u00eda a d\u00eda. Nuestra base y fundamento es el personal y contamos con un equipo muy preparado, muy profesional\u201d.<\/p>\n<p><strong>\u201cSe han convertido en solucionadores log\u00edsticos ante las demandas y necesidades de los clientes, fideliz\u00e1ndolos\u201d,<\/strong> termina.<\/p>\n<p>En 2014 Laratrans realiz\u00f3 16.000 expediciones terrestres. La compa\u00f1\u00eda tiene 700 clientes y 57 empleados y 360.000 toneladas de mercanc\u00edas manipuladas. Cifras que hablan de la garant\u00eda que supone trabajar con una empresa como Laratrans.<\/p>\n<p>&nbsp;<\/p>\n<p><em>Fuente:\u00a0https:\/\/www.veintepies.com<\/em><\/p>\n","protected":false},"excerpt":{"rendered":"<p>\u201cNuestros profesionales se han convertido en solucionadores log\u00edsticos\u201d<br \/>\nPablo Lara tom\u00f3 el relevo a su padre, Armando Lara, fundador en la d\u00e9cada de los setenta de Laratrans, al<br \/>\nfrente de la compa\u00f1\u00eda. La compa\u00f1\u00eda ofrece en la actualidad servicios log\u00edsticos y de transporte y tiene en su<br \/>\nequipo humano el principal valor y elemento competitivo.<\/p>\n","protected":false},"author":1,"featured_media":1346,"comment_status":"closed","ping_status":"closed","sticky":false,"template":"","format":"standard","meta":{"footnotes":""},"categories":[538],"tags":[539,540,541],"yoast_head":"<!-- This site is optimized with the Yoast SEO plugin v21.1 - https:\/\/yoast.com\/wordpress\/plugins\/seo\/ -->\n<title>Entrevista a Pablo Lara - Veinte Pies - Laratrans - Servicios log\u00edsticos y transporte<\/title>\n<meta name=\"robots\" content=\"index, follow, max-snippet:-1, max-image-preview:large, max-video-preview:-1\" \/>\n<link rel=\"canonical\" href=\"https:\/\/www.laratrans.com\/entrevista-a-pablo-lara\/\" \/>\n<meta property=\"og:locale\" content=\"en_US\" \/>\n<meta property=\"og:type\" content=\"article\" \/>\n<meta property=\"og:title\" content=\"Entrevista a Pablo Lara - Veinte Pies - Laratrans - Servicios log\u00edsticos y transporte\" \/>\n<meta property=\"og:description\" content=\"\u201cNuestros profesionales se han convertido en solucionadores log\u00edsticos\u201d Pablo Lara tom\u00f3 el relevo a su padre, Armando Lara, fundador en la d\u00e9cada de los setenta de Laratrans, al frente de la compa\u00f1\u00eda. La compa\u00f1\u00eda ofrece en la actualidad servicios log\u00edsticos y de transporte y tiene en su equipo humano el principal valor y elemento competitivo.\" \/>\n<meta property=\"og:url\" content=\"https:\/\/www.laratrans.com\/entrevista-a-pablo-lara\/\" \/>\n<meta property=\"og:site_name\" content=\"Laratrans - Servicios log\u00edsticos y transporte\" \/>\n<meta property=\"article:published_time\" content=\"2017-08-22T10:23:09+00:00\" \/>\n<meta property=\"article:modified_time\" content=\"2017-09-27T08:24:47+00:00\" \/>\n<meta property=\"og:image\" content=\"https:\/\/www.laratrans.com\/wp-content\/uploads\/2017\/07\/PabloLaratrans.jpg\" \/>\n\t<meta property=\"og:image:width\" content=\"500\" \/>\n\t<meta property=\"og:image:height\" content=\"500\" \/>\n\t<meta property=\"og:image:type\" content=\"image\/jpeg\" \/>\n<meta name=\"author\" content=\"sakudarte\" \/>\n<meta name=\"twitter:card\" content=\"summary_large_image\" \/>\n<meta name=\"twitter:label1\" content=\"Written by\" \/>\n\t<meta name=\"twitter:data1\" content=\"sakudarte\" \/>\n\t<meta name=\"twitter:label2\" content=\"Est. reading time\" \/>\n\t<meta name=\"twitter:data2\" content=\"3 minutes\" \/>\n<script type=\"application\/ld+json\" class=\"yoast-schema-graph\">{\"@context\":\"https:\/\/schema.org\",\"@graph\":[{\"@type\":\"Article\",\"@id\":\"https:\/\/www.laratrans.com\/entrevista-a-pablo-lara\/#article\",\"isPartOf\":{\"@id\":\"https:\/\/www.laratrans.com\/entrevista-a-pablo-lara\/\"},\"author\":{\"name\":\"sakudarte\",\"@id\":\"https:\/\/www.laratrans.com\/pt-pt\/#\/schema\/person\/768ef0619a1bb3631ddbfee564399b80\"},\"headline\":\"Entrevista a Pablo Lara &#8211; Veinte Pies\",\"datePublished\":\"2017-08-22T10:23:09+00:00\",\"dateModified\":\"2017-09-27T08:24:47+00:00\",\"mainEntityOfPage\":{\"@id\":\"https:\/\/www.laratrans.com\/entrevista-a-pablo-lara\/\"},\"wordCount\":588,\"publisher\":{\"@id\":\"https:\/\/www.laratrans.com\/pt-pt\/#organization\"},\"keywords\":[\"Entrevista\",\"pablo lara\",\"revista 20 pies\"],\"articleSection\":[\"Press\"],\"inLanguage\":\"en-US\"},{\"@type\":\"WebPage\",\"@id\":\"https:\/\/www.laratrans.com\/entrevista-a-pablo-lara\/\",\"url\":\"https:\/\/www.laratrans.com\/entrevista-a-pablo-lara\/\",\"name\":\"Entrevista a Pablo Lara - Veinte Pies - Laratrans - Servicios log\u00edsticos y transporte\",\"isPartOf\":{\"@id\":\"https:\/\/www.laratrans.com\/pt-pt\/#website\"},\"datePublished\":\"2017-08-22T10:23:09+00:00\",\"dateModified\":\"2017-09-27T08:24:47+00:00\",\"breadcrumb\":{\"@id\":\"https:\/\/www.laratrans.com\/entrevista-a-pablo-lara\/#breadcrumb\"},\"inLanguage\":\"en-US\",\"potentialAction\":[{\"@type\":\"ReadAction\",\"target\":[\"https:\/\/www.laratrans.com\/entrevista-a-pablo-lara\/\"]}]},{\"@type\":\"BreadcrumbList\",\"@id\":\"https:\/\/www.laratrans.com\/entrevista-a-pablo-lara\/#breadcrumb\",\"itemListElement\":[{\"@type\":\"ListItem\",\"position\":1,\"name\":\"Portada\",\"item\":\"https:\/\/www.laratrans.com\/en\/\"},{\"@type\":\"ListItem\",\"position\":2,\"name\":\"Entrevista a Pablo Lara &#8211; Veinte Pies\"}]},{\"@type\":\"WebSite\",\"@id\":\"https:\/\/www.laratrans.com\/pt-pt\/#website\",\"url\":\"https:\/\/www.laratrans.com\/pt-pt\/\",\"name\":\"Laratrans - Servicios log\u00edsticos y transporte\",\"description\":\"Grupo Laratrans, Transportes y Soluciones Log\u00edsticas Integrales desde 2003\",\"publisher\":{\"@id\":\"https:\/\/www.laratrans.com\/pt-pt\/#organization\"},\"potentialAction\":[{\"@type\":\"SearchAction\",\"target\":{\"@type\":\"EntryPoint\",\"urlTemplate\":\"https:\/\/www.laratrans.com\/pt-pt\/?s={search_term_string}\"},\"query-input\":\"required name=search_term_string\"}],\"inLanguage\":\"en-US\"},{\"@type\":\"Organization\",\"@id\":\"https:\/\/www.laratrans.com\/pt-pt\/#organization\",\"name\":\"Laratrans Servicios Log\u00edsticos y Transportes\",\"url\":\"https:\/\/www.laratrans.com\/pt-pt\/\",\"logo\":{\"@type\":\"ImageObject\",\"inLanguage\":\"en-US\",\"@id\":\"https:\/\/www.laratrans.com\/pt-pt\/#\/schema\/logo\/image\/\",\"url\":\"https:\/\/www.laratrans.com\/wp-content\/uploads\/2017\/07\/Laratrans-logo.png\",\"contentUrl\":\"https:\/\/www.laratrans.com\/wp-content\/uploads\/2017\/07\/Laratrans-logo.png\",\"width\":801,\"height\":162,\"caption\":\"Laratrans Servicios Log\u00edsticos y Transportes\"},\"image\":{\"@id\":\"https:\/\/www.laratrans.com\/pt-pt\/#\/schema\/logo\/image\/\"},\"sameAs\":[\"https:\/\/es.linkedin.com\/company\/laratranslogisticaintegral\",\"https:\/\/www.youtube.com\/channel\/UCusx2hwxfP5YuBmFy25C5hQ\"]},{\"@type\":\"Person\",\"@id\":\"https:\/\/www.laratrans.com\/pt-pt\/#\/schema\/person\/768ef0619a1bb3631ddbfee564399b80\",\"name\":\"sakudarte\",\"image\":{\"@type\":\"ImageObject\",\"inLanguage\":\"en-US\",\"@id\":\"https:\/\/www.laratrans.com\/pt-pt\/#\/schema\/person\/image\/\",\"url\":\"https:\/\/secure.gravatar.com\/avatar\/160474e0da19f9679d49f6e8d35c309f?s=96&d=mm&r=g\",\"contentUrl\":\"https:\/\/secure.gravatar.com\/avatar\/160474e0da19f9679d49f6e8d35c309f?s=96&d=mm&r=g\",\"caption\":\"sakudarte\"}}]}<\/script>\n<!-- \/ Yoast SEO plugin. -->","yoast_head_json":{"title":"Entrevista a Pablo Lara - Veinte Pies - Laratrans - Servicios log\u00edsticos y transporte","robots":{"index":"index","follow":"follow","max-snippet":"max-snippet:-1","max-image-preview":"max-image-preview:large","max-video-preview":"max-video-preview:-1"},"canonical":"https:\/\/www.laratrans.com\/entrevista-a-pablo-lara\/","og_locale":"en_US","og_type":"article","og_title":"Entrevista a Pablo Lara - Veinte Pies - Laratrans - Servicios log\u00edsticos y transporte","og_description":"\u201cNuestros profesionales se han convertido en solucionadores log\u00edsticos\u201d Pablo Lara tom\u00f3 el relevo a su padre, Armando Lara, fundador en la d\u00e9cada de los setenta de Laratrans, al frente de la compa\u00f1\u00eda. La compa\u00f1\u00eda ofrece en la actualidad servicios log\u00edsticos y de transporte y tiene en su equipo humano el principal valor y elemento competitivo.","og_url":"https:\/\/www.laratrans.com\/entrevista-a-pablo-lara\/","og_site_name":"Laratrans - Servicios log\u00edsticos y transporte","article_published_time":"2017-08-22T10:23:09+00:00","article_modified_time":"2017-09-27T08:24:47+00:00","og_image":[{"width":500,"height":500,"url":"https:\/\/www.laratrans.com\/wp-content\/uploads\/2017\/07\/PabloLaratrans.jpg","type":"image\/jpeg"}],"author":"sakudarte","twitter_card":"summary_large_image","twitter_misc":{"Written by":"sakudarte","Est. reading time":"3 minutes"},"schema":{"@context":"https:\/\/schema.org","@graph":[{"@type":"Article","@id":"https:\/\/www.laratrans.com\/entrevista-a-pablo-lara\/#article","isPartOf":{"@id":"https:\/\/www.laratrans.com\/entrevista-a-pablo-lara\/"},"author":{"name":"sakudarte","@id":"https:\/\/www.laratrans.com\/pt-pt\/#\/schema\/person\/768ef0619a1bb3631ddbfee564399b80"},"headline":"Entrevista a Pablo Lara &#8211; Veinte Pies","datePublished":"2017-08-22T10:23:09+00:00","dateModified":"2017-09-27T08:24:47+00:00","mainEntityOfPage":{"@id":"https:\/\/www.laratrans.com\/entrevista-a-pablo-lara\/"},"wordCount":588,"publisher":{"@id":"https:\/\/www.laratrans.com\/pt-pt\/#organization"},"keywords":["Entrevista","pablo lara","revista 20 pies"],"articleSection":["Press"],"inLanguage":"en-US"},{"@type":"WebPage","@id":"https:\/\/www.laratrans.com\/entrevista-a-pablo-lara\/","url":"https:\/\/www.laratrans.com\/entrevista-a-pablo-lara\/","name":"Entrevista a Pablo Lara - Veinte Pies - Laratrans - Servicios log\u00edsticos y transporte","isPartOf":{"@id":"https:\/\/www.laratrans.com\/pt-pt\/#website"},"datePublished":"2017-08-22T10:23:09+00:00","dateModified":"2017-09-27T08:24:47+00:00","breadcrumb":{"@id":"https:\/\/www.laratrans.com\/entrevista-a-pablo-lara\/#breadcrumb"},"inLanguage":"en-US","potentialAction":[{"@type":"ReadAction","target":["https:\/\/www.laratrans.com\/entrevista-a-pablo-lara\/"]}]},{"@type":"BreadcrumbList","@id":"https:\/\/www.laratrans.com\/entrevista-a-pablo-lara\/#breadcrumb","itemListElement":[{"@type":"ListItem","position":1,"name":"Portada","item":"https:\/\/www.laratrans.com\/en\/"},{"@type":"ListItem","position":2,"name":"Entrevista a Pablo Lara &#8211; Veinte Pies"}]},{"@type":"WebSite","@id":"https:\/\/www.laratrans.com\/pt-pt\/#website","url":"https:\/\/www.laratrans.com\/pt-pt\/","name":"Laratrans - Servicios log\u00edsticos y transporte","description":"Grupo Laratrans, Transportes y Soluciones Log\u00edsticas Integrales desde 2003","publisher":{"@id":"https:\/\/www.laratrans.com\/pt-pt\/#organization"},"potentialAction":[{"@type":"SearchAction","target":{"@type":"EntryPoint","urlTemplate":"https:\/\/www.laratrans.com\/pt-pt\/?s={search_term_string}"},"query-input":"required name=search_term_string"}],"inLanguage":"en-US"},{"@type":"Organization","@id":"https:\/\/www.laratrans.com\/pt-pt\/#organization","name":"Laratrans Servicios Log\u00edsticos y Transportes","url":"https:\/\/www.laratrans.com\/pt-pt\/","logo":{"@type":"ImageObject","inLanguage":"en-US","@id":"https:\/\/www.laratrans.com\/pt-pt\/#\/schema\/logo\/image\/","url":"https:\/\/www.laratrans.com\/wp-content\/uploads\/2017\/07\/Laratrans-logo.png","contentUrl":"https:\/\/www.laratrans.com\/wp-content\/uploads\/2017\/07\/Laratrans-logo.png","width":801,"height":162,"caption":"Laratrans Servicios Log\u00edsticos y Transportes"},"image":{"@id":"https:\/\/www.laratrans.com\/pt-pt\/#\/schema\/logo\/image\/"},"sameAs":["https:\/\/es.linkedin.com\/company\/laratranslogisticaintegral","https:\/\/www.youtube.com\/channel\/UCusx2hwxfP5YuBmFy25C5hQ"]},{"@type":"Person","@id":"https:\/\/www.laratrans.com\/pt-pt\/#\/schema\/person\/768ef0619a1bb3631ddbfee564399b80","name":"sakudarte","image":{"@type":"ImageObject","inLanguage":"en-US","@id":"https:\/\/www.laratrans.com\/pt-pt\/#\/schema\/person\/image\/","url":"https:\/\/secure.gravatar.com\/avatar\/160474e0da19f9679d49f6e8d35c309f?s=96&d=mm&r=g","contentUrl":"https:\/\/secure.gravatar.com\/avatar\/160474e0da19f9679d49f6e8d35c309f?s=96&d=mm&r=g","caption":"sakudarte"}}]}},"_links":{"self":[{"href":"https:\/\/www.laratrans.com\/en\/wp-json\/wp\/v2\/posts\/2112"}],"collection":[{"href":"https:\/\/www.laratrans.com\/en\/wp-json\/wp\/v2\/posts"}],"about":[{"href":"https:\/\/www.laratrans.com\/en\/wp-json\/wp\/v2\/types\/post"}],"author":[{"embeddable":true,"href":"https:\/\/www.laratrans.com\/en\/wp-json\/wp\/v2\/users\/1"}],"replies":[{"embeddable":true,"href":"https:\/\/www.laratrans.com\/en\/wp-json\/wp\/v2\/comments?post=2112"}],"version-history":[{"count":1,"href":"https:\/\/www.laratrans.com\/en\/wp-json\/wp\/v2\/posts\/2112\/revisions"}],"predecessor-version":[{"id":2114,"href":"https:\/\/www.laratrans.com\/en\/wp-json\/wp\/v2\/posts\/2112\/revisions\/2114"}],"wp:featuredmedia":[{"embeddable":true,"href":"https:\/\/www.laratrans.com\/en\/wp-json\/wp\/v2\/media\/1346"}],"wp:attachment":[{"href":"https:\/\/www.laratrans.com\/en\/wp-json\/wp\/v2\/media?parent=2112"}],"wp:term":[{"taxonomy":"category","embeddable":true,"href":"https:\/\/www.laratrans.com\/en\/wp-json\/wp\/v2\/categories?post=2112"},{"taxonomy":"post_tag","embeddable":true,"href":"https:\/\/www.laratrans.com\/en\/wp-json\/wp\/v2\/tags?post=2112"}],"curies":[{"name":"wp","href":"https:\/\/api.w.org\/{rel}","templated":true}]}}