{"id":2111,"date":"2017-08-22T11:09:21","date_gmt":"2017-08-22T11:09:21","guid":{"rendered":"https:\/\/www.laratrans.com\/restricciones-en-el-uso-de-dda\/"},"modified":"2017-09-27T08:23:13","modified_gmt":"2017-09-27T08:23:13","slug":"restricciones-en-el-uso-de-dda","status":"publish","type":"post","link":"https:\/\/www.laratrans.com\/en\/restricciones-en-el-uso-de-dda\/","title":{"rendered":"Restricciones en el uso de DDA"},"content":{"rendered":"<p><span style=\"font-weight: 400;\"><strong>Desde el 1 de enero de 2016<\/strong> se restringe notablemente el uso del r\u00e9gimen de DDA al limitarse los productos cuya vinculaci\u00f3n a dicho r\u00e9gimen est\u00e1 exenta y acotarse los casos en que la salida de mercanc\u00edas debe liquidarse mediante un modelo 380.<\/span><\/p>\n<p><span style=\"font-weight: 400;\">La Ley 28\/2014 por la que se modifica, entre otras normas, la Ley 37\/1992, del Impuesto sobre el Valor A\u00f1adido, establece la modificaci\u00f3n de una serie de aspectos relativos al funcionamiento del r\u00e9gimen de DDA. Entre ellas cabe destacar las siguientes:<\/span><\/p>\n<p><span style=\"font-weight: 400;\"><strong>1.- Establecimiento de una lista de supuestos<\/strong> en los que resulta aplicable la exenci\u00f3n a la importaci\u00f3n de mercanc\u00edas objeto de vinculaci\u00f3n al r\u00e9gimen de DDA (DUA de importaci\u00f3n con 07 en la casilla 37)<\/span><\/p>\n<p><span style=\"font-weight: 400;\">Actualmente el art\u00edculo 65 de la Ley 37\/1992, del IVA (LIVA) establece una exenci\u00f3n general para la importaci\u00f3n de mercanc\u00edas destinadas a vincularse a un DDA. La Ley 28\/2014 limita el alcance de dicha exenci\u00f3n a cuatro tipos de mercanc\u00edas:<\/span><\/p>\n<ul>\n<li style=\"font-weight: 400;\"><span style=\"font-weight: 400;\">las que sean objeto de II.EE, aquellas procedentes de partes del territorio aduanero de la Uni\u00f3n en las que no sea de aplicaci\u00f3n la Directiva del IVA, como por ejemplo Canarias, Guadalupe, Guyana francesa, Martinica, Monte Athos\u2026 y determinadas materias primas del tipo que habitualmente suele ser objeto de negociaci\u00f3n en los mercados internacionales, tales como ciertos productos agr\u00edcolas, grasas y aceites vegetales, hidrocarburos, productos qu\u00edmicos a granel, caucho, lana, determinados metales\u2026<\/span><\/li>\n<li style=\"font-weight: 400;\"><span style=\"font-weight: 400;\">las que se destinen a tiendas libres de impuestos que, bajo control aduanero, existen en los puertos y aeropuertos<\/span><\/li>\n<\/ul>\n<p><span style=\"font-weight: 400;\"><strong>2.- Limitaci\u00f3n de la exenci\u00f3n<\/strong> relativa a las prestaciones de servicios sobre mercanc\u00edas de importaci\u00f3n destinadas a vincularse a DDA<\/span><\/p>\n<p><span style=\"font-weight: 400;\">La modificaci\u00f3n del art\u00edculo 24 LIVA vincula la exenci\u00f3n aplicable a las prestaciones de servicios relacionadas directamente con la importaci\u00f3n de mercanc\u00eda vinculada a DDA a que dicha importaci\u00f3n est\u00e9 exenta en base al art\u00edculo 65 LIVA. Se limita as\u00ed el n\u00famero de supuestos en los que el abandono del r\u00e9gimen de DDA da lugar a una operaci\u00f3n asimilada a la importaci\u00f3n, debiendo declararse mediante el modelo 380.<\/span><\/p>\n<p><span style=\"font-weight: 400;\">No obstante, esta variaci\u00f3n no afectar\u00eda ni a las entregas de bienes destinados a vincularse ni a las de los ya vinculados a DDA, que seguir\u00e1n estando exentas con la nueva redacci\u00f3n del art\u00edculo 24 LIVA.<\/span><\/p>\n<p><span style=\"font-weight: 400;\"><strong>3.- Responsabilidad subsidiaria del titular<\/strong> del DDA respecto de la deuda tributaria devengada a la salida de las mercanc\u00edas<\/span><\/p>\n<p><span style=\"font-weight: 400;\">La modificaci\u00f3n del anexo quinto LIVA introduce al titular del DDA como responsable subsidiario de la deuda tributaria devengada por el abandono de las mercanc\u00edas del r\u00e9gimen de DDA. Se generaliza as\u00ed dicha responsabilidad, acotada hasta ahora al supuesto de abandono del DDA de los metales incluidos en el p\u00e1rrafo segundo del art\u00edculo 19.5 LIVA.<\/span><\/p>\n","protected":false},"excerpt":{"rendered":"<p>Desde el 1 de enero de 2016 se restringe notablemente el uso del r\u00e9gimen de DDA al limitarse los productos cuya vinculaci\u00f3n a dicho r\u00e9gimen est\u00e1 exenta y acotarse los casos en que la salida de mercanc\u00edas debe liquidarse mediante un modelo 380.<\/p>\n","protected":false},"author":1,"featured_media":2046,"comment_status":"closed","ping_status":"closed","sticky":false,"template":"","format":"standard","meta":{"footnotes":""},"categories":[533,559],"tags":[534,535,536,537],"yoast_head":"<!-- This site is optimized with the Yoast SEO plugin v21.1 - https:\/\/yoast.com\/wordpress\/plugins\/seo\/ -->\n<title>Restricciones en el uso de DDA - Laratrans - Servicios log\u00edsticos y transporte<\/title>\n<meta name=\"robots\" content=\"index, follow, max-snippet:-1, max-image-preview:large, max-video-preview:-1\" \/>\n<link rel=\"canonical\" href=\"https:\/\/www.laratrans.com\/restricciones-en-el-uso-de-dda\/\" \/>\n<meta property=\"og:locale\" content=\"en_US\" \/>\n<meta property=\"og:type\" content=\"article\" \/>\n<meta property=\"og:title\" content=\"Restricciones en el uso de DDA - Laratrans - Servicios log\u00edsticos y transporte\" \/>\n<meta property=\"og:description\" content=\"Desde el 1 de enero de 2016 se restringe notablemente el uso del r\u00e9gimen de DDA al limitarse los productos cuya vinculaci\u00f3n a dicho r\u00e9gimen est\u00e1 exenta y acotarse los casos en que la salida de mercanc\u00edas debe liquidarse mediante un modelo 380.\" \/>\n<meta property=\"og:url\" content=\"https:\/\/www.laratrans.com\/restricciones-en-el-uso-de-dda\/\" \/>\n<meta property=\"og:site_name\" content=\"Laratrans - Servicios log\u00edsticos y transporte\" \/>\n<meta property=\"article:published_time\" content=\"2017-08-22T11:09:21+00:00\" \/>\n<meta property=\"article:modified_time\" content=\"2017-09-27T08:23:13+00:00\" \/>\n<meta property=\"og:image\" content=\"https:\/\/www.laratrans.com\/wp-content\/uploads\/2017\/08\/Log\u00edstica-integral-Laratrans.jpg\" \/>\n\t<meta property=\"og:image:width\" content=\"1678\" \/>\n\t<meta property=\"og:image:height\" content=\"1119\" \/>\n\t<meta property=\"og:image:type\" content=\"image\/jpeg\" \/>\n<meta name=\"author\" content=\"sakudarte\" \/>\n<meta name=\"twitter:card\" content=\"summary_large_image\" \/>\n<meta name=\"twitter:label1\" content=\"Written by\" \/>\n\t<meta name=\"twitter:data1\" content=\"sakudarte\" \/>\n\t<meta name=\"twitter:label2\" content=\"Est. reading time\" \/>\n\t<meta name=\"twitter:data2\" content=\"2 minutes\" \/>\n<script type=\"application\/ld+json\" class=\"yoast-schema-graph\">{\"@context\":\"https:\/\/schema.org\",\"@graph\":[{\"@type\":\"Article\",\"@id\":\"https:\/\/www.laratrans.com\/restricciones-en-el-uso-de-dda\/#article\",\"isPartOf\":{\"@id\":\"https:\/\/www.laratrans.com\/restricciones-en-el-uso-de-dda\/\"},\"author\":{\"name\":\"sakudarte\",\"@id\":\"https:\/\/www.laratrans.com\/pt-pt\/#\/schema\/person\/768ef0619a1bb3631ddbfee564399b80\"},\"headline\":\"Restricciones en el uso de DDA\",\"datePublished\":\"2017-08-22T11:09:21+00:00\",\"dateModified\":\"2017-09-27T08:23:13+00:00\",\"mainEntityOfPage\":{\"@id\":\"https:\/\/www.laratrans.com\/restricciones-en-el-uso-de-dda\/\"},\"wordCount\":490,\"publisher\":{\"@id\":\"https:\/\/www.laratrans.com\/pt-pt\/#organization\"},\"keywords\":[\"dda\",\"dep\u00f3sito distinto del aduanero\",\"legislaci\u00f3n\",\"novedades normativas\"],\"articleSection\":[\"News\",\"Technical area\"],\"inLanguage\":\"en-US\"},{\"@type\":\"WebPage\",\"@id\":\"https:\/\/www.laratrans.com\/restricciones-en-el-uso-de-dda\/\",\"url\":\"https:\/\/www.laratrans.com\/restricciones-en-el-uso-de-dda\/\",\"name\":\"Restricciones en el uso de DDA - Laratrans - Servicios log\u00edsticos y transporte\",\"isPartOf\":{\"@id\":\"https:\/\/www.laratrans.com\/pt-pt\/#website\"},\"datePublished\":\"2017-08-22T11:09:21+00:00\",\"dateModified\":\"2017-09-27T08:23:13+00:00\",\"breadcrumb\":{\"@id\":\"https:\/\/www.laratrans.com\/restricciones-en-el-uso-de-dda\/#breadcrumb\"},\"inLanguage\":\"en-US\",\"potentialAction\":[{\"@type\":\"ReadAction\",\"target\":[\"https:\/\/www.laratrans.com\/restricciones-en-el-uso-de-dda\/\"]}]},{\"@type\":\"BreadcrumbList\",\"@id\":\"https:\/\/www.laratrans.com\/restricciones-en-el-uso-de-dda\/#breadcrumb\",\"itemListElement\":[{\"@type\":\"ListItem\",\"position\":1,\"name\":\"Portada\",\"item\":\"https:\/\/www.laratrans.com\/en\/\"},{\"@type\":\"ListItem\",\"position\":2,\"name\":\"Restricciones en el uso de DDA\"}]},{\"@type\":\"WebSite\",\"@id\":\"https:\/\/www.laratrans.com\/pt-pt\/#website\",\"url\":\"https:\/\/www.laratrans.com\/pt-pt\/\",\"name\":\"Laratrans - Servicios log\u00edsticos y transporte\",\"description\":\"Grupo Laratrans, Transportes y Soluciones Log\u00edsticas Integrales desde 2003\",\"publisher\":{\"@id\":\"https:\/\/www.laratrans.com\/pt-pt\/#organization\"},\"potentialAction\":[{\"@type\":\"SearchAction\",\"target\":{\"@type\":\"EntryPoint\",\"urlTemplate\":\"https:\/\/www.laratrans.com\/pt-pt\/?s={search_term_string}\"},\"query-input\":\"required name=search_term_string\"}],\"inLanguage\":\"en-US\"},{\"@type\":\"Organization\",\"@id\":\"https:\/\/www.laratrans.com\/pt-pt\/#organization\",\"name\":\"Laratrans Servicios Log\u00edsticos y Transportes\",\"url\":\"https:\/\/www.laratrans.com\/pt-pt\/\",\"logo\":{\"@type\":\"ImageObject\",\"inLanguage\":\"en-US\",\"@id\":\"https:\/\/www.laratrans.com\/pt-pt\/#\/schema\/logo\/image\/\",\"url\":\"https:\/\/www.laratrans.com\/wp-content\/uploads\/2017\/07\/Laratrans-logo.png\",\"contentUrl\":\"https:\/\/www.laratrans.com\/wp-content\/uploads\/2017\/07\/Laratrans-logo.png\",\"width\":801,\"height\":162,\"caption\":\"Laratrans Servicios Log\u00edsticos y Transportes\"},\"image\":{\"@id\":\"https:\/\/www.laratrans.com\/pt-pt\/#\/schema\/logo\/image\/\"},\"sameAs\":[\"https:\/\/es.linkedin.com\/company\/laratranslogisticaintegral\",\"https:\/\/www.youtube.com\/channel\/UCusx2hwxfP5YuBmFy25C5hQ\"]},{\"@type\":\"Person\",\"@id\":\"https:\/\/www.laratrans.com\/pt-pt\/#\/schema\/person\/768ef0619a1bb3631ddbfee564399b80\",\"name\":\"sakudarte\",\"image\":{\"@type\":\"ImageObject\",\"inLanguage\":\"en-US\",\"@id\":\"https:\/\/www.laratrans.com\/pt-pt\/#\/schema\/person\/image\/\",\"url\":\"https:\/\/secure.gravatar.com\/avatar\/160474e0da19f9679d49f6e8d35c309f?s=96&d=mm&r=g\",\"contentUrl\":\"https:\/\/secure.gravatar.com\/avatar\/160474e0da19f9679d49f6e8d35c309f?s=96&d=mm&r=g\",\"caption\":\"sakudarte\"}}]}<\/script>\n<!-- \/ Yoast SEO plugin. -->","yoast_head_json":{"title":"Restricciones en el uso de DDA - Laratrans - Servicios log\u00edsticos y transporte","robots":{"index":"index","follow":"follow","max-snippet":"max-snippet:-1","max-image-preview":"max-image-preview:large","max-video-preview":"max-video-preview:-1"},"canonical":"https:\/\/www.laratrans.com\/restricciones-en-el-uso-de-dda\/","og_locale":"en_US","og_type":"article","og_title":"Restricciones en el uso de DDA - Laratrans - Servicios log\u00edsticos y transporte","og_description":"Desde el 1 de enero de 2016 se restringe notablemente el uso del r\u00e9gimen de DDA al limitarse los productos cuya vinculaci\u00f3n a dicho r\u00e9gimen est\u00e1 exenta y acotarse los casos en que la salida de mercanc\u00edas debe liquidarse mediante un modelo 380.","og_url":"https:\/\/www.laratrans.com\/restricciones-en-el-uso-de-dda\/","og_site_name":"Laratrans - Servicios log\u00edsticos y transporte","article_published_time":"2017-08-22T11:09:21+00:00","article_modified_time":"2017-09-27T08:23:13+00:00","og_image":[{"width":1678,"height":1119,"url":"https:\/\/www.laratrans.com\/wp-content\/uploads\/2017\/08\/Log\u00edstica-integral-Laratrans.jpg","type":"image\/jpeg"}],"author":"sakudarte","twitter_card":"summary_large_image","twitter_misc":{"Written by":"sakudarte","Est. reading time":"2 minutes"},"schema":{"@context":"https:\/\/schema.org","@graph":[{"@type":"Article","@id":"https:\/\/www.laratrans.com\/restricciones-en-el-uso-de-dda\/#article","isPartOf":{"@id":"https:\/\/www.laratrans.com\/restricciones-en-el-uso-de-dda\/"},"author":{"name":"sakudarte","@id":"https:\/\/www.laratrans.com\/pt-pt\/#\/schema\/person\/768ef0619a1bb3631ddbfee564399b80"},"headline":"Restricciones en el uso de DDA","datePublished":"2017-08-22T11:09:21+00:00","dateModified":"2017-09-27T08:23:13+00:00","mainEntityOfPage":{"@id":"https:\/\/www.laratrans.com\/restricciones-en-el-uso-de-dda\/"},"wordCount":490,"publisher":{"@id":"https:\/\/www.laratrans.com\/pt-pt\/#organization"},"keywords":["dda","dep\u00f3sito distinto del aduanero","legislaci\u00f3n","novedades normativas"],"articleSection":["News","Technical area"],"inLanguage":"en-US"},{"@type":"WebPage","@id":"https:\/\/www.laratrans.com\/restricciones-en-el-uso-de-dda\/","url":"https:\/\/www.laratrans.com\/restricciones-en-el-uso-de-dda\/","name":"Restricciones en el uso de DDA - Laratrans - Servicios log\u00edsticos y transporte","isPartOf":{"@id":"https:\/\/www.laratrans.com\/pt-pt\/#website"},"datePublished":"2017-08-22T11:09:21+00:00","dateModified":"2017-09-27T08:23:13+00:00","breadcrumb":{"@id":"https:\/\/www.laratrans.com\/restricciones-en-el-uso-de-dda\/#breadcrumb"},"inLanguage":"en-US","potentialAction":[{"@type":"ReadAction","target":["https:\/\/www.laratrans.com\/restricciones-en-el-uso-de-dda\/"]}]},{"@type":"BreadcrumbList","@id":"https:\/\/www.laratrans.com\/restricciones-en-el-uso-de-dda\/#breadcrumb","itemListElement":[{"@type":"ListItem","position":1,"name":"Portada","item":"https:\/\/www.laratrans.com\/en\/"},{"@type":"ListItem","position":2,"name":"Restricciones en el uso de DDA"}]},{"@type":"WebSite","@id":"https:\/\/www.laratrans.com\/pt-pt\/#website","url":"https:\/\/www.laratrans.com\/pt-pt\/","name":"Laratrans - Servicios log\u00edsticos y transporte","description":"Grupo Laratrans, Transportes y Soluciones Log\u00edsticas Integrales desde 2003","publisher":{"@id":"https:\/\/www.laratrans.com\/pt-pt\/#organization"},"potentialAction":[{"@type":"SearchAction","target":{"@type":"EntryPoint","urlTemplate":"https:\/\/www.laratrans.com\/pt-pt\/?s={search_term_string}"},"query-input":"required name=search_term_string"}],"inLanguage":"en-US"},{"@type":"Organization","@id":"https:\/\/www.laratrans.com\/pt-pt\/#organization","name":"Laratrans Servicios Log\u00edsticos y Transportes","url":"https:\/\/www.laratrans.com\/pt-pt\/","logo":{"@type":"ImageObject","inLanguage":"en-US","@id":"https:\/\/www.laratrans.com\/pt-pt\/#\/schema\/logo\/image\/","url":"https:\/\/www.laratrans.com\/wp-content\/uploads\/2017\/07\/Laratrans-logo.png","contentUrl":"https:\/\/www.laratrans.com\/wp-content\/uploads\/2017\/07\/Laratrans-logo.png","width":801,"height":162,"caption":"Laratrans Servicios Log\u00edsticos y Transportes"},"image":{"@id":"https:\/\/www.laratrans.com\/pt-pt\/#\/schema\/logo\/image\/"},"sameAs":["https:\/\/es.linkedin.com\/company\/laratranslogisticaintegral","https:\/\/www.youtube.com\/channel\/UCusx2hwxfP5YuBmFy25C5hQ"]},{"@type":"Person","@id":"https:\/\/www.laratrans.com\/pt-pt\/#\/schema\/person\/768ef0619a1bb3631ddbfee564399b80","name":"sakudarte","image":{"@type":"ImageObject","inLanguage":"en-US","@id":"https:\/\/www.laratrans.com\/pt-pt\/#\/schema\/person\/image\/","url":"https:\/\/secure.gravatar.com\/avatar\/160474e0da19f9679d49f6e8d35c309f?s=96&d=mm&r=g","contentUrl":"https:\/\/secure.gravatar.com\/avatar\/160474e0da19f9679d49f6e8d35c309f?s=96&d=mm&r=g","caption":"sakudarte"}}]}},"_links":{"self":[{"href":"https:\/\/www.laratrans.com\/en\/wp-json\/wp\/v2\/posts\/2111"}],"collection":[{"href":"https:\/\/www.laratrans.com\/en\/wp-json\/wp\/v2\/posts"}],"about":[{"href":"https:\/\/www.laratrans.com\/en\/wp-json\/wp\/v2\/types\/post"}],"author":[{"embeddable":true,"href":"https:\/\/www.laratrans.com\/en\/wp-json\/wp\/v2\/users\/1"}],"replies":[{"embeddable":true,"href":"https:\/\/www.laratrans.com\/en\/wp-json\/wp\/v2\/comments?post=2111"}],"version-history":[{"count":1,"href":"https:\/\/www.laratrans.com\/en\/wp-json\/wp\/v2\/posts\/2111\/revisions"}],"predecessor-version":[{"id":2113,"href":"https:\/\/www.laratrans.com\/en\/wp-json\/wp\/v2\/posts\/2111\/revisions\/2113"}],"wp:featuredmedia":[{"embeddable":true,"href":"https:\/\/www.laratrans.com\/en\/wp-json\/wp\/v2\/media\/2046"}],"wp:attachment":[{"href":"https:\/\/www.laratrans.com\/en\/wp-json\/wp\/v2\/media?parent=2111"}],"wp:term":[{"taxonomy":"category","embeddable":true,"href":"https:\/\/www.laratrans.com\/en\/wp-json\/wp\/v2\/categories?post=2111"},{"taxonomy":"post_tag","embeddable":true,"href":"https:\/\/www.laratrans.com\/en\/wp-json\/wp\/v2\/tags?post=2111"}],"curies":[{"name":"wp","href":"https:\/\/api.w.org\/{rel}","templated":true}]}}